{"id":7088,"date":"2023-02-28T19:37:17","date_gmt":"2023-02-28T18:37:17","guid":{"rendered":"https:\/\/imkerverein-wunstorf.info\/?p=7088"},"modified":"2023-02-28T20:00:38","modified_gmt":"2023-02-28T19:00:38","slug":"imkerverein-wunstorf-waehlt-neuen-vorstand","status":"publish","type":"post","link":"https:\/\/imkerverein-wunstorf.info\/?p=7088","title":{"rendered":"Imkerverein Wunstorf w\u00e4hlt neuen Vorstand"},"content":{"rendered":"\n<p class=\"has-black-color has-text-color\">Jetzt ist es genug! Neun Jahre war Martin Koloff der 1. Vorsitzende des Imkervereins Wunstorf und trug wesentlich dazu bei, dass sich die Mitgliederzahl in dieser Zeit vervierfachte . Nun entschied er f\u00fcr sich, f\u00fcr eine weitere Wahlperiode nicht mehr zur Verf\u00fcgung zu stehen. <\/p>\n\n\n\n<p>Bei der Hauptversammlung standen am letzten Wochenende Vorstandswahlen an. Als Nachfolge f\u00fcr den langj\u00e4hrigen Vorsitzenden Koloff wurde einstimmig , mit einer Enthaltung , Sigrid Unkel gew\u00e4hlt. F\u00fcr den 2. Vorsitz konnte sich Peter Hinrichsen behaupten. Ebenfalls standen die anderen Vorstandsaufgaben zur Wahl und konnten teils mit bew\u00e4hrten und teils mit neuen Personen besetzt werden. Auch Martin Koloff ist wieder dabei. Dieses Mal als Obmann f\u00fcr die K\u00f6niginnenzucht.<\/p>\n\n\n\n<p>F\u00fcr das Jahr 2023 beschlossen die Mitglieder auf der Hauptversammlung wieder viele interessante Veranstaltungen. So ist z.B. f\u00fcr den Weltbienentag, am 20. Mai, eine Aktion am Lehrbienenstand geplant. Die bew\u00e4hrten monatlichen Kl\u00f6nabende werden auch weiter  mit einem theoretischen Einstieg zu aktuellen Fragestellungen der Imkerei begonnen. Die praktische Arbeit an den Bienenv\u00f6lkern findet ab Samstag, 15. April in der Zeit von 10:00 bis 12:00 Uhr, am Lehrbienenstand in Wunstorf, M\u00fchlenkampstr. statt. Interessierte sind herzlich willkommen.<\/p>\n","protected":false},"excerpt":{"rendered":"<p>Jetzt ist es genug! Neun Jahre war Martin Koloff der 1. Vorsitzende des Imkervereins Wunstorf und trug wesentlich dazu bei, dass sich die Mitgliederzahl in dieser Zeit vervierfachte . Nun entschied er f\u00fcr sich, f\u00fcr eine weitere Wahlperiode nicht mehr zur Verf\u00fcgung zu stehen. Bei der Hauptversammlung standen am letzten Wochenende Vorstandswahlen an. Als Nachfolge &hellip; <\/p>\n<p class=\"link-more\"><a href=\"https:\/\/imkerverein-wunstorf.info\/?p=7088\" class=\"more-link\">Mehr <span class=\"screen-reader-text\">\u00fcber &#8222;Imkerverein Wunstorf w\u00e4hlt neuen Vorstand&#8220; <\/span>Lesen<\/a><\/p>\n","protected":false},"author":1,"featured_media":7094,"comment_status":"closed","ping_status":"closed","sticky":false,"template":"","format":"standard","meta":{"footnotes":""},"categories":[3,2],"tags":[],"class_list":["post-7088","post","type-post","status-publish","format-standard","has-post-thumbnail","hentry","category-aktuelles","category-imkerverein"],"featured_media_urls":{"thumbnail":["https:\/\/imkerverein-wunstorf.info\/wp-content\/uploads\/2023\/02\/51158829-C841-4078-98F7-ACCE66839064_4_5005_c-1-150x150.jpeg",150,150,true],"medium":["https:\/\/imkerverein-wunstorf.info\/wp-content\/uploads\/2023\/02\/51158829-C841-4078-98F7-ACCE66839064_4_5005_c-1-300x225.jpeg",300,225,true],"medium_large":["https:\/\/imkerverein-wunstorf.info\/wp-content\/uploads\/2023\/02\/51158829-C841-4078-98F7-ACCE66839064_4_5005_c-1.jpeg",320,240,false],"large":["https:\/\/imkerverein-wunstorf.info\/wp-content\/uploads\/2023\/02\/51158829-C841-4078-98F7-ACCE66839064_4_5005_c-1.jpeg",320,240,false],"wpsimplegallery_admin_thumb":["https:\/\/imkerverein-wunstorf.info\/wp-content\/uploads\/2023\/02\/51158829-C841-4078-98F7-ACCE66839064_4_5005_c-1-109x109.jpeg",109,109,true],"wpsimplegallery_thumb":["https:\/\/imkerverein-wunstorf.info\/wp-content\/uploads\/2023\/02\/51158829-C841-4078-98F7-ACCE66839064_4_5005_c-1-100x100.jpeg",100,100,true],"1536x1536":["https:\/\/imkerverein-wunstorf.info\/wp-content\/uploads\/2023\/02\/51158829-C841-4078-98F7-ACCE66839064_4_5005_c-1.jpeg",320,240,false],"2048x2048":["https:\/\/imkerverein-wunstorf.info\/wp-content\/uploads\/2023\/02\/51158829-C841-4078-98F7-ACCE66839064_4_5005_c-1.jpeg",320,240,false],"inspiro-featured-image":["https:\/\/imkerverein-wunstorf.info\/wp-content\/uploads\/2023\/02\/51158829-C841-4078-98F7-ACCE66839064_4_5005_c-1.jpeg",320,240,false],"inspiro-loop":["https:\/\/imkerverein-wunstorf.info\/wp-content\/uploads\/2023\/02\/51158829-C841-4078-98F7-ACCE66839064_4_5005_c-1.jpeg",320,240,false],"inspiro-loop@2x":["https:\/\/imkerverein-wunstorf.info\/wp-content\/uploads\/2023\/02\/51158829-C841-4078-98F7-ACCE66839064_4_5005_c-1.jpeg",320,240,false],"portfolio_item-thumbnail":["https:\/\/imkerverein-wunstorf.info\/wp-content\/uploads\/2023\/02\/51158829-C841-4078-98F7-ACCE66839064_4_5005_c-1.jpeg",320,240,false],"portfolio_item-thumbnail@2x":["https:\/\/imkerverein-wunstorf.info\/wp-content\/uploads\/2023\/02\/51158829-C841-4078-98F7-ACCE66839064_4_5005_c-1.jpeg",320,240,false],"portfolio_item-masonry":["https:\/\/imkerverein-wunstorf.info\/wp-content\/uploads\/2023\/02\/51158829-C841-4078-98F7-ACCE66839064_4_5005_c-1.jpeg",320,240,false],"portfolio_item-masonry@2x":["https:\/\/imkerverein-wunstorf.info\/wp-content\/uploads\/2023\/02\/51158829-C841-4078-98F7-ACCE66839064_4_5005_c-1.jpeg",320,240,false],"portfolio_item-thumbnail_cinema":["https:\/\/imkerverein-wunstorf.info\/wp-content\/uploads\/2023\/02\/51158829-C841-4078-98F7-ACCE66839064_4_5005_c-1.jpeg",320,240,false],"portfolio_item-thumbnail_portrait":["https:\/\/imkerverein-wunstorf.info\/wp-content\/uploads\/2023\/02\/51158829-C841-4078-98F7-ACCE66839064_4_5005_c-1.jpeg",320,240,false],"portfolio_item-thumbnail_portrait@2x":["https:\/\/imkerverein-wunstorf.info\/wp-content\/uploads\/2023\/02\/51158829-C841-4078-98F7-ACCE66839064_4_5005_c-1.jpeg",320,240,false],"portfolio_item-thumbnail_square":["https:\/\/imkerverein-wunstorf.info\/wp-content\/uploads\/2023\/02\/51158829-C841-4078-98F7-ACCE66839064_4_5005_c-1.jpeg",320,240,false]},"_links":{"self":[{"href":"https:\/\/imkerverein-wunstorf.info\/index.php?rest_route=\/wp\/v2\/posts\/7088","targetHints":{"allow":["GET"]}}],"collection":[{"href":"https:\/\/imkerverein-wunstorf.info\/index.php?rest_route=\/wp\/v2\/posts"}],"about":[{"href":"https:\/\/imkerverein-wunstorf.info\/index.php?rest_route=\/wp\/v2\/types\/post"}],"author":[{"embeddable":true,"href":"https:\/\/imkerverein-wunstorf.info\/index.php?rest_route=\/wp\/v2\/users\/1"}],"replies":[{"embeddable":true,"href":"https:\/\/imkerverein-wunstorf.info\/index.php?rest_route=%2Fwp%2Fv2%2Fcomments&post=7088"}],"version-history":[{"count":3,"href":"https:\/\/imkerverein-wunstorf.info\/index.php?rest_route=\/wp\/v2\/posts\/7088\/revisions"}],"predecessor-version":[{"id":7093,"href":"https:\/\/imkerverein-wunstorf.info\/index.php?rest_route=\/wp\/v2\/posts\/7088\/revisions\/7093"}],"wp:featuredmedia":[{"embeddable":true,"href":"https:\/\/imkerverein-wunstorf.info\/index.php?rest_route=\/wp\/v2\/media\/7094"}],"wp:attachment":[{"href":"https:\/\/imkerverein-wunstorf.info\/index.php?rest_route=%2Fwp%2Fv2%2Fmedia&parent=7088"}],"wp:term":[{"taxonomy":"category","embeddable":true,"href":"https:\/\/imkerverein-wunstorf.info\/index.php?rest_route=%2Fwp%2Fv2%2Fcategories&post=7088"},{"taxonomy":"post_tag","embeddable":true,"href":"https:\/\/imkerverein-wunstorf.info\/index.php?rest_route=%2Fwp%2Fv2%2Ftags&post=7088"}],"curies":[{"name":"wp","href":"https:\/\/api.w.org\/{rel}","templated":true}]}}